{"id":3052,"date":"2026-02-02T12:52:12","date_gmt":"2026-02-02T11:52:12","guid":{"rendered":"https:\/\/ecg.si\/clanki\/?p=3052"},"modified":"2026-02-02T13:16:01","modified_gmt":"2026-02-02T12:16:01","slug":"od-odgovornosti-do-lastnistva","status":"publish","type":"post","link":"https:\/\/ecg.si\/clanki\/od-odgovornosti-do-lastnistva\/","title":{"rendered":"Od odgovornosti do lastni\u0161tva"},"content":{"rendered":"\n<h2><span class=\"has-inline-color has-vivid-cyan-blue-color\">Kako v \u010dasu vedno ve\u010dje individualizma in vedno bolj neempati\u010dne kulture graditi zrelo odgovornost in pripadnost v va\u0161ih ekipah?<\/span><\/h2>\n\n\n\n<p><\/p>\n\n\n\n<h4>Kratek primer iz prakse (case)<\/h4>\n\n\n\n<p>Vodja ekipe, moj coachee, mi je nedavno rekel:<\/p>\n\n\n\n<blockquote class=\"wp-block-quote\"><p><strong><span class=\"has-inline-color has-vivid-purple-color\">\u00bbMoji sodelavci so sposobni, pametni, izobra\u017eeni. A ko gre kaj narobe, imam ob\u010dutek, da vsi gledajo stran. Kot da ni nikogar, ki bi rekel: <em>to je moje<\/em>.\u00ab<\/span><\/strong><\/p><\/blockquote>\n\n\n\n<p>Ko sva \u0161la v diskusiji oz. najinem &#8220;brainstormingu&#8221; malo globlje, se je pokazalo:<\/p>\n\n\n\n<ul><li>naloge so bile dodeljene,<\/li><li>odgovornosti formalno zapisane,<\/li><li><strong>manjkala pa je notranja dr\u017ea lastni\u0161tva<\/strong>.<\/li><\/ul>\n\n\n\n<p>In tu ne gre za lenobo oz. pasivnost. Gre za <strong>\u010das, v katerem \u017eivimo<\/strong>.<\/p>\n\n\n\n<p>Vodenje dandanes, v tak\u0161nem vedno bolj dinami\u010dnem in predvsem nepredvidljivem (poslovno-dru\u017ebeno-politi\u010dno-tehnolo\u0161kem) okolju tako ni zahtevnej\u0161e zato, ker bi bili ljudje slab\u0161i (npr. manj kompetentni in manj zavzeti).<\/p>\n\n\n\n<p>Zahtevnej\u0161e postaja zato, ker \u017eivimo v \u010dasu:<\/p>\n\n\n\n<ul><li><span class=\"has-inline-color has-vivid-red-color\"><strong>mo\u010dne individualnosti,<\/strong><\/span><\/li><li><span class=\"has-inline-color has-vivid-red-color\"><strong>stalnih digitalnih dra\u017eljajev,<\/strong><\/span><\/li><li><span class=\"has-inline-color has-vivid-red-color\"><strong>hitrih \u010dustvenih odzivov<\/strong> in <strong>zmanj\u0161ane empatije<\/strong>,<\/span><\/li><li><span class=\"has-inline-color has-vivid-red-color\"><strong>hitrih umikov ob pritisku,<\/strong><\/span><\/li><li><span class=\"has-inline-color has-vivid-red-color\"><strong>in spremenjenega odnosa do odgovornosti.<\/strong><\/span><\/li><\/ul>\n\n\n\n<p>Vodje pogosto \u010dutijo, da jim iz rok polzi nekaj, kar je bilo neko\u010d samoumevno: <strong>ob\u010dutek lastni\u0161tva nad delom.<\/strong><\/p>\n\n\n\n<p>Hkrati pa tudi nevroznanost ugotavlja, da <strong>pretirana uporaba digitalnih tehnologij vpliva tudi na centre za empatijo v mo\u017eganih<\/strong>, kar pomeni:<\/p>\n\n\n\n<ul><li><strong><span class=\"has-inline-color has-vivid-red-color\">slab\u0161e zaznavanje drugega,<\/span><\/strong><\/li><li><strong><span class=\"has-inline-color has-vivid-red-color\">ve\u010d fokusiranja nase,<\/span><\/strong><\/li><li><strong><span class=\"has-inline-color has-vivid-red-color\">manj ob\u010dutka za posledice lastnih dejanj na ekipo in celoto.<\/span><\/strong><\/li><\/ul>\n\n\n\n<p>Rezultat?<br>Ve\u010d <strong>pravic<\/strong>, manj <strong>dol\u017enosti<\/strong>.<br>Ve\u010d <strong>svobode<\/strong>, manj <strong>odgovornosti<\/strong>.<\/p>\n\n\n\n<p>To se \u0161e posebej (po)ka\u017ee pri <strong>generaciji Z<\/strong> \u2013 ne zato, ker bi bila \u201cslaba\u201d, temve\u010d ker:<\/p>\n\n\n\n<ul><li><strong>je odra\u0161\u010dala v bolj permisivnem okolju,<\/strong><\/li><li><strong>je bila mo\u010dno za\u0161\u010ditena,<\/strong><\/li><li><strong>je vajena izbire, ne pa nujno posledic.<\/strong><\/li><\/ul>\n\n\n\n<p>Veliko mladih sodelavcev:<\/p>\n\n\n\n<ul><li><strong><span class=\"has-inline-color has-vivid-green-cyan-color\">iskreno \u017eeli imeti smisel,<\/span><\/strong><\/li><li><strong><span class=\"has-inline-color has-vivid-green-cyan-color\">\u017eeli biti sli\u0161an,<\/span><\/strong><\/li><li><strong><span class=\"has-inline-color has-vivid-green-cyan-color\">\u017eeli vpliv,<\/span><\/strong><\/li><\/ul>\n\n\n\n<p>hkrati pa:<\/p>\n\n\n\n<ul><li><strong><span class=\"has-inline-color has-vivid-red-color\">te\u017eje prena\u0161a frustracijo,<\/span><\/strong><\/li><li><strong><span class=\"has-inline-color has-vivid-red-color\">se hitreje umakne ob pritisku,<\/span><\/strong><\/li><li><strong><span class=\"has-inline-color has-vivid-red-color\">odgovornost razume kot omejitev svobode.<\/span><\/strong><\/li><\/ul>\n\n\n\n<figure class=\"wp-block-pullquote\"><blockquote><p><strong>\ud83d\udd0e Voditeljski reality check<\/strong><\/p><cite><strong><span class=\"has-inline-color has-vivid-cyan-blue-color\">Kje v moji ekipi odgovornost najve\u010dkrat obstane?<br>Kaj jaz naredim, ko sodelavec ne prevzame lastni\u0161tva?<br>Kdaj sem nazadnje re\u0161il namesto nekoga?<\/span><\/strong><\/cite><\/blockquote><\/figure>\n\n\n\n<h2>Zakaj klasi\u010dni nadzor ne deluje<\/h2>\n\n\n\n<p><strong>Ve\u010d kontrole \u2260 ve\u010d odgovornosti.<\/strong><br>Pogosto ravno obratno.<\/p>\n\n\n\n<p>\u010ce vodja:<\/p>\n\n\n\n<ul><li>re\u0161uje namesto sodelavcev,<\/li><li>preverja vsak korak,<\/li><li>prevzema odgovornost nase,<\/li><\/ul>\n\n\n\n<p>sodelavci:<\/p>\n\n\n\n<ul><li>ostajajo v <strong>egostanju prilagojenega otroka<\/strong> (\u010dakam, da mi pove\u0161),<\/li><li>ali v <strong>egostanju upornika<\/strong> (ne bom, ker mi jemlje\u0161 svobodo).<\/li><\/ul>\n\n\n\n<p>Ownership se razvija samo v <strong>egostanju odraslega<\/strong>.<\/p>\n\n\n\n<p>In tu nastopi vodja.<\/p>\n\n\n\n<p>Pa za\u010dnimo pri osnovah.<\/p>\n\n\n\n<figure class=\"wp-block-image size-large\"><img loading=\"lazy\" width=\"1008\" height=\"567\" src=\"https:\/\/ecg.si\/clanki\/wp-content\/uploads\/sites\/2\/2026\/02\/iz-resitelja-v-coacha.jpg\" alt=\"\" class=\"wp-image-3066\" srcset=\"https:\/\/ecg.si\/clanki\/wp-content\/uploads\/sites\/2\/2026\/02\/iz-resitelja-v-coacha.jpg 1008w, https:\/\/ecg.si\/clanki\/wp-content\/uploads\/sites\/2\/2026\/02\/iz-resitelja-v-coacha-300x169.jpg 300w, https:\/\/ecg.si\/clanki\/wp-content\/uploads\/sites\/2\/2026\/02\/iz-resitelja-v-coacha-768x432.jpg 768w\" sizes=\"(max-width: 1008px) 100vw, 1008px\" \/><\/figure>\n\n\n\n<p><\/p>\n\n\n\n<h2><span class=\"has-inline-color has-vivid-cyan-blue-color\">Piramida odgovornosti: temelj, brez katerega ni lastni\u0161tva<\/span><\/h2>\n\n\n\n<p>Preden se lotimo vpra\u0161anja, <em>kako<\/em> kot vodje spodbujati ve\u010d lastni\u0161tva, se moramo ustaviti pri enem klju\u010dnem uvidu:<br><strong>lastni\u0161tva ne moremo zahtevati \u2013 lahko ga le gradimo.<\/strong><\/p>\n\n\n\n<p>In to gradimo postopno.<br><\/p>\n\n\n\n<p>Tako kot hi\u0161a ne stoji brez temeljev, tudi <strong>ownership v ekipah ne more obstajati brez jasno postavljenih ravni odgovornosti.<\/strong> <\/p>\n\n\n\n<p>Prav zato je smiselno pogledati piramido odgovornosti, ki nam pomaga razumeti, kje se v praksi najve\u010dkrat zatakne.<\/p>\n\n\n\n<p>Na vrhu si vsi \u017eelimo t.i. <strong>ownershipa<\/strong> (lastni\u0161tva) \u2013 sodelavcev, ki:<\/p>\n\n\n\n<ul><li><strong>razmi\u0161ljajo vnaprej,<\/strong><\/li><li><strong>prevzemajo pobudo,<\/strong><\/li><li><strong>skrbijo za celoto, ne le za svoj del.<\/strong><\/li><\/ul>\n\n\n\n<p><strong>A &#8220;ownership&#8221; ne nastane sam od sebe.<\/strong><br><\/p>\n\n\n\n<p>Gradi se postopno \u2013 skozi tri ravni.<\/p>\n\n\n\n<p><\/p>\n\n\n\n<h3><span class=\"has-inline-color has-vivid-cyan-blue-color\">1. Responsibility \u2013 odgovornost za nalogo<\/span><\/h3>\n\n\n\n<p>To je temelj in se ukvarja z vpra\u0161anji:<\/p>\n\n\n\n<ul><li><strong>kaj je moja naloga,<\/strong><\/li><li><strong>kaj se od mene pri\u010dakuje,<\/strong><\/li><li><strong>kaj spada v mojo vlogo.<\/strong><\/li><\/ul>\n\n\n\n<p>Brez jasnosti na tej ravni nastane zmeda.<\/p>\n\n\n\n<p><\/p>\n\n\n\n<h3><span class=\"has-inline-color has-vivid-cyan-blue-color\">2. Accountability \u2013 odgovornost za rezultat<\/span><\/h3>\n\n\n\n<p>Tu se zgodi premik:<\/p>\n\n\n\n<ul><li>ne delam ve\u010d samo naloge,<\/li><li>stojim za rezultatom,<\/li><li>dr\u017eim dogovor, rok in kakovost.<\/li><\/ul>\n\n\n\n<p>To je <strong>raven zrelosti.<\/strong><\/p>\n\n\n\n<p><\/p>\n\n\n\n<h3><span class=\"has-inline-color has-vivid-cyan-blue-color\">3. Ownership \u2013 lastni\u0161tvo<\/span><\/h3>\n\n\n\n<p>Na vrhu piramide je <strong>notranja dr\u017ea:<\/strong><\/p>\n\n\n\n<blockquote class=\"wp-block-quote\"><p><strong><span class=\"has-inline-color has-vivid-green-cyan-color\">\u00bbTo je moje \u2013 tudi ko ni popolno, tudi ko je te\u017eko.\u00ab<\/span><\/strong><\/p><\/blockquote>\n\n\n\n<p>Te\u017eava sodobnih organizacij ni v tem, da ljudje ne bi \u017eeleli ownershipa.<br>Te\u017eava je, da ga pogosto <strong>pri\u010dakujemo brez zgrajenih spodnjih dveh ravni<\/strong>.<\/p>\n\n\n\n<p><\/p>\n\n\n\n<h2><span class=\"has-inline-color has-vivid-cyan-blue-color\">Od re\u0161evanja k opolnomo\u010denju: skrita past dobrih namenov<\/span><\/h2>\n\n\n\n<p>Ko vodje prepoznajo, da ownership v ekipah \u0161epa, se pogosto odzovejo z dobrimi nameni: <strong>ve\u010d podpore, ve\u010d pomo\u010di, ve\u010d vpletanja.<\/strong><\/p>\n\n\n\n<p>A tu se skriva paradoks sodobnega vodenja:<br><strong>ve\u010d kot vodja re\u0161uje, manj odgovornosti ostaja pri sodelavcih.<\/strong><\/p>\n\n\n\n<p>A ravno na ta na\u010din se pogosto ujamejo v past t.i. psiholo\u0161kega dramskega trikotnika (op.p. <strong>Dreaded Drama Triangle<\/strong>), o katerem pi\u0161em spodaj.<\/p>\n\n\n\n<p>Prav zato je pomembno razumeti, v kak\u0161ne vloge kot vodje nehote zdrsnemo \u2013 in zakaj nas te vloge dolgoro\u010dno oddaljujejo od opolnomo\u010denih ekip.<\/p>\n\n\n\n<figure class=\"wp-block-image size-large\"><img loading=\"lazy\" width=\"1024\" height=\"572\" src=\"https:\/\/ecg.si\/clanki\/wp-content\/uploads\/sites\/2\/2026\/02\/iz-DDT-v-TED-1024x572.jpg\" alt=\"\" class=\"wp-image-3067\" srcset=\"https:\/\/ecg.si\/clanki\/wp-content\/uploads\/sites\/2\/2026\/02\/iz-DDT-v-TED-1024x572.jpg 1024w, https:\/\/ecg.si\/clanki\/wp-content\/uploads\/sites\/2\/2026\/02\/iz-DDT-v-TED-300x168.jpg 300w, https:\/\/ecg.si\/clanki\/wp-content\/uploads\/sites\/2\/2026\/02\/iz-DDT-v-TED-768x429.jpg 768w, https:\/\/ecg.si\/clanki\/wp-content\/uploads\/sites\/2\/2026\/02\/iz-DDT-v-TED-1080x603.jpg 1080w, https:\/\/ecg.si\/clanki\/wp-content\/uploads\/sites\/2\/2026\/02\/iz-DDT-v-TED.jpg 1219w\" sizes=\"(max-width: 1024px) 100vw, 1024px\" \/><\/figure>\n\n\n\n<p><\/p>\n\n\n\n<h3>Dreaded Drama Triangle<\/h3>\n\n\n\n<p>Model psiholo\u0161kega dramskega trikotnika omenja oz. opisuje tri (organizacijske) vloge, ki se medsebojno hranijo:<\/p>\n\n\n\n<ul><li><strong>Victim (\u017ertev)<\/strong> \u2013 \u201cNe morem, ne znam.\u201d<\/li><li><strong>Rescuer (re\u0161itelj)<\/strong> \u2013 \u201cBom jaz.\u201d<\/li><li><strong>Persecutor (preganjalec)<\/strong> \u2013 \u201cZakaj spet ni narejeno?\u201d<\/li><\/ul>\n\n\n\n<p>Vodje zelo pogosto zdrsnejo v vlogo <strong>re\u0161itelja<\/strong>.<br>Ne zato, ker bi \u017eeleli nadzor, ampak ker \u017eelijo rezultate in mir.<\/p>\n\n\n\n<p><strong><span class=\"has-inline-color has-vivid-red-color\">Cena?<br>Manj odgovornosti, ve\u010d odvisnosti.<\/span><\/strong><\/p>\n\n\n\n<p><\/p>\n\n\n\n<h2><span class=\"has-inline-color has-vivid-cyan-blue-color\">Opolnomo\u010denje sodelavcev<\/span><\/h2>\n\n\n\n<p>\u010ce \u017eelimo izstopiti iz kroga re\u0161evanja, pritiskanja in frustracij, <strong>potrebujemo druga\u010den notranji zemljevid vodenja.<\/strong><\/p>\n\n\n\n<p><br>Tak, ki ne temelji na nadzoru ali pasivnosti, temve\u010d na z<strong>relem, partnerskem odnosu med vodjo in sodelavcem.<\/strong><\/p>\n\n\n\n<p>Pri tem nam je lahko v veliko pomo\u010d model <strong>The Empowerment Dynamics (TED),<\/strong> ki poka\u017ee, kako se lahko iste situacije \u2013 z druga\u010dno dr\u017eo \u2013 preoblikujejo v prostor odgovornosti in soustvarjanja.<\/p>\n\n\n\n<p>Ta model pozna naslednje tri transformacije oz. preobrazbe vlog iz prej\u0161njega &#8220;DDT modela&#8221; v &#8220;TED model&#8221;:<\/p>\n\n\n\n<ul><li>Victim \u2192 <strong>Creator<\/strong>: \u017ertev postane aktivni kreator (svoje usode);<\/li><li>Rescuer \u2192 <strong>Coach<\/strong>: vodja, ki je re\u0161eval probleme (tudi od drugih) &#8211; se preoblikuje v coacha in razvija potenciale sodelavcev;<\/li><li>Persecutor \u2192 <strong>Challenger<\/strong>: preganjalec se preobrazi v izzivalca, ki aktivno soustvarja re\u0161itve poslovnih izzivov, s tem, ko ga coach aktivno povabi zraven k soustvarjanju.<\/li><\/ul>\n\n\n\n<p>Ta preobrazba se (aktivno) zgodi, ko vodja preneha re\u0161evati in za\u010dne:<\/p>\n\n\n\n<ul><li><strong>spra\u0161evati,<\/strong><\/li><li><strong>jasno postavljati okvir,<\/strong><\/li><li><strong>zdr\u017eati nelagodje.<\/strong><\/li><\/ul>\n\n\n\n<p>Klju\u010dno vpra\u0161anje postane:<\/p>\n\n\n\n<blockquote class=\"wp-block-quote\"><p><strong><span class=\"has-inline-color has-vivid-green-cyan-color\">\u00bbKaj je v tej situaciji v tvojem vplivu?\u00ab<\/span><\/strong><\/p><\/blockquote>\n\n\n\n<p>S tem se odpira prostor za <strong>egostanje odraslega<\/strong>.<\/p>\n\n\n\n<figure class=\"wp-block-pullquote\"><blockquote><p>\u26a0\ufe0f \u010ce \u017eeli\u0161 ve\u010d lastni\u0161tva, nehaj \u2026<\/p><cite><strong><span class=\"has-inline-color has-vivid-red-color\">re\u0161evati namesto sodelavcev<br>odgovarjati hitreje kot oni razmi\u0161ljajo<br>prevzemati odgovornost \u201cza mir\u201d<br>zamenjevati jasnost z prijaznostjo<\/span><\/strong><\/cite><\/blockquote><\/figure>\n\n\n\n<h2><span class=\"has-inline-color has-vivid-cyan-blue-color\">Coaching pristopi, ki gradijo odgovornost (ne odvisnosti)<\/span><\/h2>\n\n\n\n<p>Ko vodja zavestno izstopi iz vloge re\u0161itelja in se postavi v vlogo coacha, se pogosto pojavi novo vpra\u0161anje:<br><em><strong>Kaj konkretno pa naj naredim druga\u010de v pogovoru?<\/strong><\/em><\/p>\n\n\n\n<p>Dober coaching namre\u010d ni v tem, da smo bolj prijazni ali manj zahtevni, temve\u010d v tem, da znamo voditi pogovor tako, da odgovornost ostane tam, kjer mora \u2013 pri sodelavcu.<\/p>\n\n\n\n<p>V nadaljevanju zato p<strong>redstavljam dva preprosta, a zelo u\u010dinkovita coaching pristopa, ki vodjem pomagata razvijati odraslo dr\u017eo, proaktivnost in ownership v praksi.<\/strong><\/p>\n\n\n\n<figure class=\"wp-block-image size-large\"><img loading=\"lazy\" width=\"1024\" height=\"575\" src=\"https:\/\/ecg.si\/clanki\/wp-content\/uploads\/sites\/2\/2026\/02\/Coaching-pogovor-2-1024x575.jpg\" alt=\"\" class=\"wp-image-3070\" srcset=\"https:\/\/ecg.si\/clanki\/wp-content\/uploads\/sites\/2\/2026\/02\/Coaching-pogovor-2-1024x575.jpg 1024w, https:\/\/ecg.si\/clanki\/wp-content\/uploads\/sites\/2\/2026\/02\/Coaching-pogovor-2-300x169.jpg 300w, https:\/\/ecg.si\/clanki\/wp-content\/uploads\/sites\/2\/2026\/02\/Coaching-pogovor-2-768x432.jpg 768w, https:\/\/ecg.si\/clanki\/wp-content\/uploads\/sites\/2\/2026\/02\/Coaching-pogovor-2-1080x607.jpg 1080w, https:\/\/ecg.si\/clanki\/wp-content\/uploads\/sites\/2\/2026\/02\/Coaching-pogovor-2-1320x742.jpg 1320w, https:\/\/ecg.si\/clanki\/wp-content\/uploads\/sites\/2\/2026\/02\/Coaching-pogovor-2.jpg 1340w\" sizes=\"(max-width: 1024px) 100vw, 1024px\" \/><\/figure>\n\n\n\n<h3>OSCAR \u2013 struktura za odgovorno delovanje<\/h3>\n\n\n\n<ul><li><strong>Outcome<\/strong> \u2013 kaj \u017eeli\u0161 dose\u010di?<\/li><li><strong>Situation<\/strong> \u2013 kje si zdaj?<\/li><li><strong>Choices<\/strong> \u2013 katere mo\u017enosti ima\u0161?<\/li><li><strong>Actions<\/strong> \u2013 kaj bo\u0161 naredil konkretno?<\/li><li><strong>Review \/ Responsibility<\/strong> \u2013 kako bo\u0161 preveril, da je narejeno?<\/li><\/ul>\n\n\n\n<p>Klju\u010dno vpra\u0161anje:<\/p>\n\n\n\n<blockquote class=\"wp-block-quote\"><p><span class=\"has-inline-color has-vivid-green-cyan-color\"><strong>\u00bbKatero<\/strong> <strong>mo\u017enost bo\u0161 izbral in kaj bo\u0161 naredil do dogovorjenega roka?\u00ab<\/strong><\/span><\/p><\/blockquote>\n\n\n\n<p><\/p>\n\n\n\n<h3>WOOP \u2013 iz \u017eelje v dejanje<\/h3>\n\n\n\n<ul><li><strong>Wish<\/strong> \u2013 kaj \u017eeli\u0161?<\/li><li><strong>Outcome<\/strong> \u2013 kaj ti to prinese?<\/li><li><strong>Obstacle<\/strong> \u2013 kaj te obi\u010dajno ustavi?<\/li><li><strong>Plan (If\u2013Then)<\/strong> \u2013 kako bo\u0161 reagiral, ko se to zgodi?<\/li><\/ul>\n\n\n\n<p>WOOP pomaga sodelavcu prevzeti odgovornost <strong>tudi za lastne vzorce vedenja<\/strong>.<\/p>\n\n\n\n<figure class=\"wp-block-pullquote\"><blockquote><p>\ud83e\udde0<strong> 5 coaching vpra\u0161anj, ki gradijo odgovornost<\/strong> -> <strong>za tvoj naslednji 1:1 pogovor:<\/strong><\/p><cite><strong><span class=\"has-inline-color has-vivid-cyan-blue-color\">Kaj je v tej situaciji v tvojem vplivu?<br>Katero mo\u017enost bo\u0161 izbral?<br>Kaj bo\u0161 naredil do konkretnega roka?<br>Kaj te obi\u010dajno ustavi?<br>Kako bo\u0161 tokrat reagiral druga\u010de?<\/span><\/strong><\/cite><\/blockquote><\/figure>\n\n\n\n<h2><span class=\"has-inline-color has-vivid-cyan-blue-color\">Ko Gen Z re\u010de: \u00bbNe bom.\u00ab<\/span><\/h2>\n\n\n\n<p>Prej ali slej se vsak vodja danes sre\u010da s situacijo, ki ga postavi na preizku\u0161njo:<br><strong><span class=\"has-inline-color has-vivid-red-color\">sodelavec \u2013 pogosto predstavnik generacije Z \u2013 preprosto re\u010de \u00bbne bom\u00ab.<\/span><\/strong><\/p>\n\n\n\n<p>Ta trenutek je za vodjo klju\u010den.<\/p>\n\n\n\n<p><br>Ne zato, ker bi \u0161lo zgolj za eno nalogo, temve\u010d zato, ker na\u010din odziva pogosto dolo\u010di nadaljnji odnos: ali proti umiku in odpovedi, ali proti zrelej\u0161i odgovornosti.<\/p>\n\n\n\n<p>\u010ce vodja (nanj) pritisne, (najpogosteje) sledi:<\/p>\n\n\n\n<ul><li><strong>umik,<\/strong><\/li><li><strong>bolni\u0161ka,<\/strong><\/li><li><strong>ali odhod.<\/strong><\/li><\/ul>\n\n\n\n<p>Kaj se v resnici dogaja?<\/p>\n\n\n\n<h3><span class=\"has-inline-color has-vivid-cyan-blue-color\">\u00bbNe bom\u00ab ni vedno upor<\/span><\/h3>\n\n\n\n<p>Pogosto pomeni:<\/p>\n\n\n\n<ul><li>ob\u010dutek izgube nadzora,<\/li><li>strah pred neuspehom,<\/li><li>konflikt z vrednotami,<\/li><li>nezmo\u017enost lo\u010diti mejo od odgovornosti.<\/li><\/ul>\n\n\n\n<p>Gen Z je mo\u010dna v postavljanju meja \u2013 \u0161ibkej\u0161a pa v <strong>vzdr\u017eevanju odgovornosti pod pritiskom<\/strong>.<\/p>\n\n\n\n<figure class=\"wp-block-pullquote\"><blockquote><p>\ud83d\udde3\ufe0f Ko sodelavec re\u010de \u00bbne bom\u00ab<\/p><cite><strong><span class=\"has-inline-color has-vivid-cyan-blue-color\">Raziskuj \u2013 ne reagiraj<br>Pove\u017ei nalogo s pomenom<br>Jasno lo\u010di izbiro in posledice<br>Ostani miren<br>Sprejmi odlo\u010ditev<\/span><\/strong><\/cite><\/blockquote><\/figure>\n\n\n\n<h2><span class=\"has-inline-color has-vivid-cyan-blue-color\">Kaj vodja lahko naredi druga\u010de<\/span><\/h2>\n\n\n\n<p><\/p>\n\n\n\n<h3>1. Razlikuj mejo od izogibanja<\/h3>\n\n\n\n<blockquote class=\"wp-block-quote\"><p><strong><span class=\"has-inline-color has-vivid-green-cyan-color\">\u00bbKaj je tisto, zaradi \u010desar tega ne \u017eeli\u0161 narediti?\u00ab<\/span><\/strong><\/p><\/blockquote>\n\n\n\n<p>Raziskovanje, ne sodba.<\/p>\n\n\n\n<h3>2. Prevedi nalogo v pomen<\/h3>\n\n\n\n<blockquote class=\"wp-block-quote\"><p><span class=\"has-inline-color has-vivid-green-cyan-color\"><strong>\u00bbZakaj je<\/strong> <strong>to pomembno za ekipo in kak\u0161en je tvoj prispevek?\u00ab<\/strong><\/span><\/p><\/blockquote>\n\n\n\n<p>Gen Z deluje iz smisla, ne iz \u201cker je treba\u201d.<\/p>\n\n\n\n<h3>3. Jasno lo\u010di izbiro in posledice<\/h3>\n\n\n\n<blockquote class=\"wp-block-quote\"><p><strong><span class=\"has-inline-color has-vivid-green-cyan-color\">\u00bbRazumem tvojo dilemo.<br>Hkrati je to del tvoje vloge.<br>\u010ce se odlo\u010di\u0161, da tega ne prevzame\u0161, ima to dolo\u010dene posledice. Kako \u017eeli\u0161 ravnati?\u00ab<\/span><\/strong><\/p><\/blockquote>\n\n\n\n<p>To je odrasla komunikacija \u2013 brez gro\u017eenj in brez popu\u0161\u010danja.<\/p>\n\n\n\n<h3>4. Uporabi coaching, ne pritisk<\/h3>\n\n\n\n<p>Modela OSCAR in WOOP pomagata premakniti fokus:<\/p>\n\n\n\n<ul><li><strong>iz upora v izbiro,<\/strong><\/li><li><strong>iz \u010dustev v odgovornost.<\/strong><\/li><\/ul>\n\n\n\n<h3>5. \u010ce kljub vsemu ostane \u00bbne bom\u00ab \u2013 sprejmi odlo\u010ditev<\/h3>\n\n\n\n<p>Vodja mora znati re\u010di:<\/p>\n\n\n\n<blockquote class=\"wp-block-quote\"><p><strong><span class=\"has-inline-color has-vivid-green-cyan-color\">\u00bbMorda ta vloga ali okolje ni prava izbira zate.\u00ab<\/span><\/strong><\/p><\/blockquote>\n\n\n\n<p>To ni kazen.<br><strong>To je spo\u0161tovanje svobode \u2013 na obeh straneh.<\/strong><\/p>\n\n\n\n<p><\/p>\n\n\n\n<h2><span class=\"has-inline-color has-vivid-cyan-blue-color\">Zaklju\u010dna misel<\/span><\/h2>\n\n\n\n<p>V \u010dasu, ko empatija slabi in individualnost raste, hkrati pa nara\u0161\u010da kompleksnost v na\u0161em okolju &#8211; &gt;<br><strong>postaja odgovornost ena klju\u010dnih kompetenc prihodnosti.<\/strong><\/p>\n\n\n\n<p>Ne kot pritisk.<br>Ne kot nadzor.<br>Ampak kot <span class=\"has-inline-color has-vivid-green-cyan-color\"><strong>notranja dr\u017ea odraslega \u010dloveka<\/strong>.<\/span><\/p>\n\n\n\n<p>Vodja danes ni tisti, ki ima vse pod kontrolo.<br>Je tisti, ki zna ustvariti prostor, kjer ljudje <strong>zmorejo in \u017eelijo re\u010di:<br>\u00bbTo je moje.\u00ab<\/strong><\/p>\n\n\n\n<p>Mag. Janez \u017dezlina<\/p>\n\n\n\n<p>Potencialog<\/p>\n\n\n\n<p>E: janez.zezlina@ecg.si<\/p>\n","protected":false},"excerpt":{"rendered":"<p>Kako v \u010dasu vedno ve\u010dje individualizma in vedno bolj neempati\u010dne kulture graditi zrelo odgovornost in pripadnost v va\u0161ih ekipah? Kratek primer iz prakse (case) Vodja ekipe, moj coachee, mi je nedavno rekel: \u00bbMoji sodelavci so sposobni, pametni, izobra\u017eeni. A ko gre kaj narobe, imam ob\u010dutek, da vsi gledajo stran. Kot da ni nikogar, ki bi [&hellip;]<\/p>\n","protected":false},"author":6,"featured_media":3054,"comment_status":"closed","ping_status":"closed","sticky":true,"template":"","format":"standard","meta":[],"categories":[6],"tags":[],"_links":{"self":[{"href":"https:\/\/ecg.si\/clanki\/wp-json\/wp\/v2\/posts\/3052"}],"collection":[{"href":"https:\/\/ecg.si\/clanki\/wp-json\/wp\/v2\/posts"}],"about":[{"href":"https:\/\/ecg.si\/clanki\/wp-json\/wp\/v2\/types\/post"}],"author":[{"embeddable":true,"href":"https:\/\/ecg.si\/clanki\/wp-json\/wp\/v2\/users\/6"}],"replies":[{"embeddable":true,"href":"https:\/\/ecg.si\/clanki\/wp-json\/wp\/v2\/comments?post=3052"}],"version-history":[{"count":16,"href":"https:\/\/ecg.si\/clanki\/wp-json\/wp\/v2\/posts\/3052\/revisions"}],"predecessor-version":[{"id":3075,"href":"https:\/\/ecg.si\/clanki\/wp-json\/wp\/v2\/posts\/3052\/revisions\/3075"}],"wp:featuredmedia":[{"embeddable":true,"href":"https:\/\/ecg.si\/clanki\/wp-json\/wp\/v2\/media\/3054"}],"wp:attachment":[{"href":"https:\/\/ecg.si\/clanki\/wp-json\/wp\/v2\/media?parent=3052"}],"wp:term":[{"taxonomy":"category","embeddable":true,"href":"https:\/\/ecg.si\/clanki\/wp-json\/wp\/v2\/categories?post=3052"},{"taxonomy":"post_tag","embeddable":true,"href":"https:\/\/ecg.si\/clanki\/wp-json\/wp\/v2\/tags?post=3052"}],"curies":[{"name":"wp","href":"https:\/\/api.w.org\/{rel}","templated":true}]}}